{"id":3496,"date":"2023-04-03T09:35:09","date_gmt":"2023-04-03T07:35:09","guid":{"rendered":"https:\/\/www.mijnvergelijker.be\/wordpress\/?p=3496"},"modified":"2025-06-29T10:45:55","modified_gmt":"2025-06-29T08:45:55","slug":"ik-ga-op-autoreis-en-ik-neem-mee","status":"publish","type":"post","link":"https:\/\/www.mijnvergelijker.be\/verzekeringen\/blog\/autoverzekering\/ik-ga-op-autoreis-en-ik-neem-mee","title":{"rendered":"Ik ga op autoreis en ik neem mee\u2026"},"content":{"rendered":"<section>\n<div>\n<p>Er zijn enkele zaken die je niet mag vergeten mee te nemen wanneer je op autoreis vertrekt. Naast je goed humeur, je collectie toffe deuntjes en voldoende flessen water, zijn er enkele veiligheidsaccessoires die je moet meenemen op reis. Hieronder vind je een overzicht met verplichte benodigdheden van populaire vakantiebestemmingen.\u00a0<\/p>\n<h2>Frankrijk<\/h2>\n<h3>De milieusticker<\/h3>\n<p>Frankrijk heeft een stickersysteem ontwikkeld dat zes verschillende types onderscheidt. Afhankelijk van het types sticker dat je krijgt toegewezen mag je al dan niet bepaalde milieuzones van het land binnenrijden. In bepaalde steden geldt een permanente milieuzone\u00a0<em>Zone \u00e0 circulation restreinte<\/em>\u00a0(ZCR), zoals in de binnenstad van Parijs. In andere steden kan er een tijdelijke\u00a0<em>Zone de protection de l\u2019air<\/em>\u00a0(ZPA) zijn bepaald bij extreme luchtvervuiling.\u00a0Hier\u00a0vind je meer informatie over de stickers en in welke steden het verplicht is.<\/p>\n<h3>Veiligheidsaccessoires<\/h3>\n<ul>\n<li>Een fluovestje neem je mee omdat de bestuurder dit bij autopech moet aandoen.\u00a0<\/li>\n<li>De gevarendriehoek moet je plaatsen, enkel wanneer het geen gevaar vormt voor het omliggend verkeer. Op de autosnelweg is het verboden de gevarendriehoek te plaatsen.\u00a0<\/li>\n<li>Gaat je hond mee op reis? Je moet altijd het paspoort van je hond meenemen. Zet de hond vast in een bench of met een hondengordel.\u00a0<\/li>\n<\/ul>\n<p><strong>Nieuws :<\/strong>\u00a0Twee alchoholblaastesten bij zich hebben is vanaf mei 2020 niet meer verplicht.\u00a0<\/p>\n<h2>Spanje\u00a0<\/h2>\n<h3>De milieusticker<\/h3>\n<p>Ook enkele Spaanse steden hebben een milieuzone ingesteld, of zoals zij het noemen\u00a0<em>\u00c1rea de prioridad residencial.\u00a0<\/em>Je kan een sticker halen in een postkantoor in Spanje voor slechts \u20ac5. Alle actuele informatie in verband met milieuzones in Spanje vind je\u00a0hier.<\/p>\n<h3>Veiligheidsaccessoires\u00a0<\/h3>\n<ul>\n<li>Een fluovestje is enkel voor auto\u2019s met een Spaans kenteken verplicht, maar de wet voorschrijft dat bij autopech alle inzittenden er \u00e9\u00e9n moeten dragen. Dus je kan maar best voldoende fluovestjes meenemen.\u00a0<\/li>\n<li>De gevarendriehoek.<\/li>\n<li>Een reservewiel of herstellingsmateriaal voor banden tenzij je run-flat tires of iets gelijkaardigs hebt.\u00a0<\/li>\n<li>Gaat je hond mee op reis? Je moet altijd het paspoort van je hond meenemen. Zet de hond vast in een bench of met een hondengordel.\u00a0<\/li>\n<li>De ECE 70 markering zijn specifieke reflectoren en zijn verplicht voor caravans langer dan 12 m. Dit bord bevestig je achteraan op de caravan. Hieronder vind je er een afbeelding van terug.<\/li>\n<\/ul>\n<figure>\n<ul>\n<li>\n<figure><img decoding=\"async\" src=\"\/verzekeringen\/blog\/wp-content\/uploads\/2020\/06\/ece-70markering-1024x382.jpg\" \/><\/figure>\n<\/li>\n<\/ul>\n<\/figure>\n<h2>Duitsland\u00a0<\/h2>\n<h3>De milieusticker<\/h3>\n<p>Duitsland kent ofwel een gele of een groene sticker toe, dit zijn de zogenaamde\u00a0Umweltstickers of Eco Vignets. Het is verplicht in steden zoals Berlijn, D\u00fcsseldorf, Frankfurt am Main, Hannover, Keulen, Osnabr\u00fcck en M\u00fcnchen. Deze stickers zijn onder andere\u00a0hier\u00a0te verkrijgen.\u00a0<\/p>\n<h3>Veiligheidsaccessoires\u00a0<\/h3>\n<ul>\n<li>De gevarendriehoek voor je auto.<\/li>\n<li>Fluovestje.\u00a0<\/li>\n<li>Een verbanddoos.\u00a0<\/li>\n<li>Gaat je hond mee op reis? Je moet altijd het paspoort van je hond meenemen. Zet de hond vast in een bench of met een hondengordel.\u00a0<\/li>\n<\/ul>\n<h2>Nederland<\/h2>\n<h3>De milieusticker<\/h3>\n<p>In Nederland moet je geen milieusticker aanschaffen, maar is het gewoonweg verboden om met een vervuilende wagen bepaalde steden binnen te rijden.\u00a0Ontdek\u00a0voor welke auto\u2019s en in welke steden dit geldt.<\/p>\n<h3>Veiligheidsaccessoires<\/h3>\n<p>In Nederland zijn er geen veiligheidsaccessoires verplicht maar wel enkele zaken aanbevolen waaronder:\u00a0<\/p>\n<ul>\n<li>De gevarendriehoek.\u00a0<\/li>\n<li>Een brandblusser.<\/li>\n<li>Reservelampen.<\/li>\n<li>Een fluovestje.<\/li>\n<\/ul>\n<h2>Itali\u00eb<\/h2>\n<h3>De milieusticker<\/h3>\n<p>In de centra van Rome, Bologna, Florence, Turijn en Pisa gelden er verkeersluwe zones, de\u00a0<em>Zona a traffico limitato<\/em>\u00a0(ZTL) genoemd. Om in deze zones te rijden heb je een vergunning nodig. Op bepaalde momenten mag dit ook voor niet-vergunninghouders, maar voor alle veiligheid wordt aangeraden om deze zones zonder auto te betreden.\u00a0<\/p>\n<p>Er zijn geen milieustickers te verkrijgen behalve voor de centra van Milaan en Bologna wel. Het gaat om dagkaarten van enkele euro\u2019s. In andere steden kan je om je bagage uit te laden aan je accommodatie een tijdelijke vergunning aanvragen. Voor personen met een handicap wordt in de meeste gevallen een uitzondering gemaakt waardoor zij de zones wel kunnen betreden.\u00a0<\/p>\n<h3>Veiligheidsaccessoires<\/h3>\n<ul>\n<li>Een fluovestje is verplicht voor alle inzittenden bij autopech.<\/li>\n<li>De gevarendriehoek.\u00a0<\/li>\n<li>Bij twee of meer honden is een hondenrek verplicht.<\/li>\n<\/ul>\n<h2>Ben je goed verzekerd?<\/h2>\n<p>Vergeet niet om je\u00a0autoverzekeringna te kijken voor je op reis vertrekt met de auto. Enkele\u00a0aanvullende verzekeringen\u00a0zijn nuttig om te overwegen, voornamelijk de\u00a0bijstandsverzekering\u00a0en de\u00a0rechtsbijstandverzekering\u00a0kunnen handig zijn bij een ongeval in het buitenland. Op deze\u00a0pagina\u00a0ontdek je wat je moet checken voor je op autoreis kan vertrekken.<\/p>\n<\/div>\n<\/section>\n\n\r\n<div id=\"icon-card-one-block_6860fd39cd7ab\">\r\n                        <div class=\"icon-card-one --light\">\r\n                                    <div class=\"icon-card-one_decorator\">\r\n                        <div class=\"icon-card-one_icon\">\r\n                            <img decoding=\"async\" src=\"https:\/\/www.mijnvergelijker.be\/wordpress\/wp-content\/themes\/io-ghent\/assets\/images\/icons\/car.svg\"\r\n                                 alt=\"car\">\r\n                        <\/div>\r\n                    <\/div>\r\n                \r\n                <div class=\"icon-card-one_content\">\r\n                                            <div class=\"icon-card-one_title\">Vergelijk autoverzekeringen en bespaar tot <span>35%<\/span><\/div>\r\n                    \r\n                                            <div class=\"icon-card-one_description\">Op zoek naar een goedkopere autoverzekering? Vergelijk en sluit een autoverzekering af die perfect bij jou past.<\/div>\r\n                    \r\n                    <div class=\"icon-card-one_button\">\r\n                        <a href=\"https:\/\/www.mijnvergelijker.be\/autoverzekering\"\r\n                           role=\"button\"\r\n                           class=\"button button--primary\">\r\n                            <span class=\"d-flex align-items-center\">\r\n                                Autoverzekeringen vergelijken                                <svg xmlns=\"http:\/\/www.w3.org\/2000\/svg\" width=\"22\" height=\"22\" viewBox=\"0 0 24 24\" fill=\"none\" class=\"arrow-right\"><path d=\"M5 12H19\" stroke-width=\"2\" stroke-linecap=\"round\" stroke-linejoin=\"round\"\/><path d=\"M12 5L19 12L12 19\" stroke-width=\"2\" stroke-linecap=\"round\" stroke-linejoin=\"round\"\/><\/svg>                            <\/span>\r\n                        <\/a>\r\n                    <\/div>\r\n                <\/div>\r\n            <\/div>\r\n            <\/div>","protected":false},"excerpt":{"rendered":"Er zijn enkele zaken die je niet mag vergeten mee te nemen wanneer je op autoreis vertrekt. Naast je goed&#8230;","protected":false},"author":8,"featured_media":3497,"comment_status":"open","ping_status":"open","sticky":false,"template":"","format":"standard","meta":{"footnotes":""},"categories":[50],"tags":[],"class_list":["post-3496","post","type-post","status-publish","format-standard","has-post-thumbnail","hentry","category-autoverzekering"],"acf":[],"yoast_head":"<!-- This site is optimized with the Yoast SEO Premium plugin v23.4 (Yoast SEO v23.4) - https:\/\/yoast.com\/wordpress\/plugins\/seo\/ -->\n<title>Dit moet je verplicht meenemen op autoreis - Mijnvergelijker.be<\/title>\n<meta name=\"description\" content=\"Met de auto op reis? In sommige landen moet je verplicht enkele veiligheidsaccessoires meenemen. Ontdek hier welke.\" \/>\n<meta name=\"robots\" content=\"index, follow, max-snippet:-1, max-image-preview:large, max-video-preview:-1\" \/>\n<link rel=\"canonical\" href=\"https:\/\/www.mijnvergelijker.be\/verzekeringen\/blog\/autoverzekering\/ik-ga-op-autoreis-en-ik-neem-mee\" \/>\n<meta property=\"og:locale\" content=\"nl_BE\" \/>\n<meta property=\"og:type\" content=\"article\" \/>\n<meta property=\"og:title\" content=\"Ik ga op autoreis en ik neem mee\u2026\" \/>\n<meta property=\"og:description\" content=\"Met de auto op reis? In sommige landen moet je verplicht enkele veiligheidsaccessoires meenemen. Ontdek hier welke.\" \/>\n<meta property=\"og:url\" content=\"https:\/\/www.mijnvergelijker.be\/verzekeringen\/blog\/autoverzekering\/ik-ga-op-autoreis-en-ik-neem-mee\" \/>\n<meta property=\"og:site_name\" content=\"Mijnvergelijker.be\" \/>\n<meta property=\"article:publisher\" content=\"https:\/\/www.facebook.com\/Mijnvergelijker\/\" \/>\n<meta property=\"article:published_time\" content=\"2023-04-03T07:35:09+00:00\" \/>\n<meta property=\"article:modified_time\" content=\"2025-06-29T08:45:55+00:00\" \/>\n<meta property=\"og:image\" content=\"https:\/\/www.mijnvergelijker.be\/wordpress\/wp-content\/uploads\/2023\/04\/Koppel-zitten-samen-in-de-auto-en-gaan-op-autoreis.webp\" \/>\n\t<meta property=\"og:image:width\" content=\"1920\" \/>\n\t<meta property=\"og:image:height\" content=\"500\" \/>\n\t<meta property=\"og:image:type\" content=\"image\/webp\" \/>\n<meta name=\"author\" content=\"Hanna Deweirdt\" \/>\n<meta name=\"twitter:card\" content=\"summary_large_image\" \/>\n<meta name=\"twitter:label1\" content=\"Geschreven door\" \/>\n\t<meta name=\"twitter:data1\" content=\"Hanna Deweirdt\" \/>\n\t<meta name=\"twitter:label2\" content=\"Geschatte leestijd\" \/>\n\t<meta name=\"twitter:data2\" content=\"4 minuten\" \/>\n<script type=\"application\/ld+json\" class=\"yoast-schema-graph\">{\"@context\":\"https:\/\/schema.org\",\"@graph\":[{\"@type\":\"Article\",\"@id\":\"https:\/\/www.mijnvergelijker.be\/verzekeringen\/blog\/autoverzekering\/ik-ga-op-autoreis-en-ik-neem-mee#article\",\"isPartOf\":{\"@id\":\"https:\/\/www.mijnvergelijker.be\/verzekeringen\/blog\/autoverzekering\/ik-ga-op-autoreis-en-ik-neem-mee\"},\"author\":{\"name\":\"Hanna Deweirdt\",\"@id\":\"https:\/\/www.mijnvergelijker.be\/#\/schema\/person\/4748d4871bb32b57622db0bfe37abf1b\"},\"headline\":\"Ik ga op autoreis en ik neem mee\u2026\",\"datePublished\":\"2023-04-03T07:35:09+00:00\",\"dateModified\":\"2025-06-29T08:45:55+00:00\",\"mainEntityOfPage\":{\"@id\":\"https:\/\/www.mijnvergelijker.be\/verzekeringen\/blog\/autoverzekering\/ik-ga-op-autoreis-en-ik-neem-mee\"},\"wordCount\":704,\"commentCount\":0,\"publisher\":{\"@id\":\"https:\/\/www.mijnvergelijker.be\/#organization\"},\"image\":{\"@id\":\"https:\/\/www.mijnvergelijker.be\/verzekeringen\/blog\/autoverzekering\/ik-ga-op-autoreis-en-ik-neem-mee#primaryimage\"},\"thumbnailUrl\":\"https:\/\/www.mijnvergelijker.be\/wordpress\/wp-content\/uploads\/2023\/04\/Koppel-zitten-samen-in-de-auto-en-gaan-op-autoreis.webp\",\"articleSection\":[\"Autoverzekering\"],\"inLanguage\":\"nl-BE\",\"potentialAction\":[{\"@type\":\"CommentAction\",\"name\":\"Comment\",\"target\":[\"https:\/\/www.mijnvergelijker.be\/verzekeringen\/blog\/autoverzekering\/ik-ga-op-autoreis-en-ik-neem-mee#respond\"]}]},{\"@type\":\"WebPage\",\"@id\":\"https:\/\/www.mijnvergelijker.be\/verzekeringen\/blog\/autoverzekering\/ik-ga-op-autoreis-en-ik-neem-mee\",\"url\":\"https:\/\/www.mijnvergelijker.be\/verzekeringen\/blog\/autoverzekering\/ik-ga-op-autoreis-en-ik-neem-mee\",\"name\":\"Dit moet je verplicht meenemen op autoreis - Mijnvergelijker.be\",\"isPartOf\":{\"@id\":\"https:\/\/www.mijnvergelijker.be\/#website\"},\"primaryImageOfPage\":{\"@id\":\"https:\/\/www.mijnvergelijker.be\/verzekeringen\/blog\/autoverzekering\/ik-ga-op-autoreis-en-ik-neem-mee#primaryimage\"},\"image\":{\"@id\":\"https:\/\/www.mijnvergelijker.be\/verzekeringen\/blog\/autoverzekering\/ik-ga-op-autoreis-en-ik-neem-mee#primaryimage\"},\"thumbnailUrl\":\"https:\/\/www.mijnvergelijker.be\/wordpress\/wp-content\/uploads\/2023\/04\/Koppel-zitten-samen-in-de-auto-en-gaan-op-autoreis.webp\",\"datePublished\":\"2023-04-03T07:35:09+00:00\",\"dateModified\":\"2025-06-29T08:45:55+00:00\",\"description\":\"Met de auto op reis? In sommige landen moet je verplicht enkele veiligheidsaccessoires meenemen. Ontdek hier welke.\",\"breadcrumb\":{\"@id\":\"https:\/\/www.mijnvergelijker.be\/verzekeringen\/blog\/autoverzekering\/ik-ga-op-autoreis-en-ik-neem-mee#breadcrumb\"},\"inLanguage\":\"nl-BE\",\"potentialAction\":[{\"@type\":\"ReadAction\",\"target\":[\"https:\/\/www.mijnvergelijker.be\/verzekeringen\/blog\/autoverzekering\/ik-ga-op-autoreis-en-ik-neem-mee\"]}]},{\"@type\":\"ImageObject\",\"inLanguage\":\"nl-BE\",\"@id\":\"https:\/\/www.mijnvergelijker.be\/verzekeringen\/blog\/autoverzekering\/ik-ga-op-autoreis-en-ik-neem-mee#primaryimage\",\"url\":\"https:\/\/www.mijnvergelijker.be\/wordpress\/wp-content\/uploads\/2023\/04\/Koppel-zitten-samen-in-de-auto-en-gaan-op-autoreis.webp\",\"contentUrl\":\"https:\/\/www.mijnvergelijker.be\/wordpress\/wp-content\/uploads\/2023\/04\/Koppel-zitten-samen-in-de-auto-en-gaan-op-autoreis.webp\",\"width\":1920,\"height\":500,\"caption\":\"Koppel zitten samen in de auto en gaan op autoreis.\"},{\"@type\":\"BreadcrumbList\",\"@id\":\"https:\/\/www.mijnvergelijker.be\/verzekeringen\/blog\/autoverzekering\/ik-ga-op-autoreis-en-ik-neem-mee#breadcrumb\",\"itemListElement\":[{\"@type\":\"ListItem\",\"position\":1,\"name\":\"Home\",\"item\":\"https:\/\/www.mijnvergelijker.be\/\"},{\"@type\":\"ListItem\",\"position\":2,\"name\":\"Ik ga op autoreis en ik neem mee\u2026\"}]},{\"@type\":\"WebSite\",\"@id\":\"https:\/\/www.mijnvergelijker.be\/#website\",\"url\":\"https:\/\/www.mijnvergelijker.be\/\",\"name\":\"MIjnvergelijker.be\",\"description\":\"\",\"publisher\":{\"@id\":\"https:\/\/www.mijnvergelijker.be\/#organization\"},\"potentialAction\":[{\"@type\":\"SearchAction\",\"target\":{\"@type\":\"EntryPoint\",\"urlTemplate\":\"https:\/\/www.mijnvergelijker.be\/?s={search_term_string}\"},\"query-input\":\"required name=search_term_string\"}],\"inLanguage\":\"nl-BE\"},{\"@type\":\"Organization\",\"@id\":\"https:\/\/www.mijnvergelijker.be\/#organization\",\"name\":\"Mijnvergelijker.be\",\"url\":\"https:\/\/www.mijnvergelijker.be\/\",\"logo\":{\"@type\":\"ImageObject\",\"inLanguage\":\"nl-BE\",\"@id\":\"https:\/\/www.mijnvergelijker.be\/#\/schema\/logo\/image\/\",\"url\":\"https:\/\/www.mijnvergelijker.be\/wordpress\/wp-content\/uploads\/2024\/09\/Algemeen_met-slogan_NL@.png\",\"contentUrl\":\"https:\/\/www.mijnvergelijker.be\/wordpress\/wp-content\/uploads\/2024\/09\/Algemeen_met-slogan_NL@.png\",\"width\":2444,\"height\":418,\"caption\":\"Mijnvergelijker.be\"},\"image\":{\"@id\":\"https:\/\/www.mijnvergelijker.be\/#\/schema\/logo\/image\/\"},\"sameAs\":[\"https:\/\/www.facebook.com\/Mijnvergelijker\/\"]},{\"@type\":\"Person\",\"@id\":\"https:\/\/www.mijnvergelijker.be\/#\/schema\/person\/4748d4871bb32b57622db0bfe37abf1b\",\"name\":\"Hanna Deweirdt\",\"image\":{\"@type\":\"ImageObject\",\"inLanguage\":\"nl-BE\",\"@id\":\"https:\/\/www.mijnvergelijker.be\/#\/schema\/person\/image\/\",\"url\":\"https:\/\/secure.gravatar.com\/avatar\/2d69cdb3ff68969f1c06f5ee6133ce3d?s=96&d=mm&r=g\",\"contentUrl\":\"https:\/\/secure.gravatar.com\/avatar\/2d69cdb3ff68969f1c06f5ee6133ce3d?s=96&d=mm&r=g\",\"caption\":\"Hanna Deweirdt\"}}]}<\/script>\n<!-- \/ Yoast SEO Premium plugin. -->","yoast_head_json":{"title":"Dit moet je verplicht meenemen op autoreis - Mijnvergelijker.be","description":"Met de auto op reis? In sommige landen moet je verplicht enkele veiligheidsaccessoires meenemen. Ontdek hier welke.","robots":{"index":"index","follow":"follow","max-snippet":"max-snippet:-1","max-image-preview":"max-image-preview:large","max-video-preview":"max-video-preview:-1"},"canonical":"https:\/\/www.mijnvergelijker.be\/verzekeringen\/blog\/autoverzekering\/ik-ga-op-autoreis-en-ik-neem-mee","og_locale":"nl_BE","og_type":"article","og_title":"Ik ga op autoreis en ik neem mee\u2026","og_description":"Met de auto op reis? In sommige landen moet je verplicht enkele veiligheidsaccessoires meenemen. Ontdek hier welke.","og_url":"https:\/\/www.mijnvergelijker.be\/verzekeringen\/blog\/autoverzekering\/ik-ga-op-autoreis-en-ik-neem-mee","og_site_name":"Mijnvergelijker.be","article_publisher":"https:\/\/www.facebook.com\/Mijnvergelijker\/","article_published_time":"2023-04-03T07:35:09+00:00","article_modified_time":"2025-06-29T08:45:55+00:00","og_image":[{"width":1920,"height":500,"url":"https:\/\/www.mijnvergelijker.be\/wordpress\/wp-content\/uploads\/2023\/04\/Koppel-zitten-samen-in-de-auto-en-gaan-op-autoreis.webp","type":"image\/webp"}],"author":"Hanna Deweirdt","twitter_card":"summary_large_image","twitter_misc":{"Geschreven door":"Hanna Deweirdt","Geschatte leestijd":"4 minuten"},"schema":{"@context":"https:\/\/schema.org","@graph":[{"@type":"Article","@id":"https:\/\/www.mijnvergelijker.be\/verzekeringen\/blog\/autoverzekering\/ik-ga-op-autoreis-en-ik-neem-mee#article","isPartOf":{"@id":"https:\/\/www.mijnvergelijker.be\/verzekeringen\/blog\/autoverzekering\/ik-ga-op-autoreis-en-ik-neem-mee"},"author":{"name":"Hanna Deweirdt","@id":"https:\/\/www.mijnvergelijker.be\/#\/schema\/person\/4748d4871bb32b57622db0bfe37abf1b"},"headline":"Ik ga op autoreis en ik neem mee\u2026","datePublished":"2023-04-03T07:35:09+00:00","dateModified":"2025-06-29T08:45:55+00:00","mainEntityOfPage":{"@id":"https:\/\/www.mijnvergelijker.be\/verzekeringen\/blog\/autoverzekering\/ik-ga-op-autoreis-en-ik-neem-mee"},"wordCount":704,"commentCount":0,"publisher":{"@id":"https:\/\/www.mijnvergelijker.be\/#organization"},"image":{"@id":"https:\/\/www.mijnvergelijker.be\/verzekeringen\/blog\/autoverzekering\/ik-ga-op-autoreis-en-ik-neem-mee#primaryimage"},"thumbnailUrl":"https:\/\/www.mijnvergelijker.be\/wordpress\/wp-content\/uploads\/2023\/04\/Koppel-zitten-samen-in-de-auto-en-gaan-op-autoreis.webp","articleSection":["Autoverzekering"],"inLanguage":"nl-BE","potentialAction":[{"@type":"CommentAction","name":"Comment","target":["https:\/\/www.mijnvergelijker.be\/verzekeringen\/blog\/autoverzekering\/ik-ga-op-autoreis-en-ik-neem-mee#respond"]}]},{"@type":"WebPage","@id":"https:\/\/www.mijnvergelijker.be\/verzekeringen\/blog\/autoverzekering\/ik-ga-op-autoreis-en-ik-neem-mee","url":"https:\/\/www.mijnvergelijker.be\/verzekeringen\/blog\/autoverzekering\/ik-ga-op-autoreis-en-ik-neem-mee","name":"Dit moet je verplicht meenemen op autoreis - Mijnvergelijker.be","isPartOf":{"@id":"https:\/\/www.mijnvergelijker.be\/#website"},"primaryImageOfPage":{"@id":"https:\/\/www.mijnvergelijker.be\/verzekeringen\/blog\/autoverzekering\/ik-ga-op-autoreis-en-ik-neem-mee#primaryimage"},"image":{"@id":"https:\/\/www.mijnvergelijker.be\/verzekeringen\/blog\/autoverzekering\/ik-ga-op-autoreis-en-ik-neem-mee#primaryimage"},"thumbnailUrl":"https:\/\/www.mijnvergelijker.be\/wordpress\/wp-content\/uploads\/2023\/04\/Koppel-zitten-samen-in-de-auto-en-gaan-op-autoreis.webp","datePublished":"2023-04-03T07:35:09+00:00","dateModified":"2025-06-29T08:45:55+00:00","description":"Met de auto op reis? In sommige landen moet je verplicht enkele veiligheidsaccessoires meenemen. Ontdek hier welke.","breadcrumb":{"@id":"https:\/\/www.mijnvergelijker.be\/verzekeringen\/blog\/autoverzekering\/ik-ga-op-autoreis-en-ik-neem-mee#breadcrumb"},"inLanguage":"nl-BE","potentialAction":[{"@type":"ReadAction","target":["https:\/\/www.mijnvergelijker.be\/verzekeringen\/blog\/autoverzekering\/ik-ga-op-autoreis-en-ik-neem-mee"]}]},{"@type":"ImageObject","inLanguage":"nl-BE","@id":"https:\/\/www.mijnvergelijker.be\/verzekeringen\/blog\/autoverzekering\/ik-ga-op-autoreis-en-ik-neem-mee#primaryimage","url":"https:\/\/www.mijnvergelijker.be\/wordpress\/wp-content\/uploads\/2023\/04\/Koppel-zitten-samen-in-de-auto-en-gaan-op-autoreis.webp","contentUrl":"https:\/\/www.mijnvergelijker.be\/wordpress\/wp-content\/uploads\/2023\/04\/Koppel-zitten-samen-in-de-auto-en-gaan-op-autoreis.webp","width":1920,"height":500,"caption":"Koppel zitten samen in de auto en gaan op autoreis."},{"@type":"BreadcrumbList","@id":"https:\/\/www.mijnvergelijker.be\/verzekeringen\/blog\/autoverzekering\/ik-ga-op-autoreis-en-ik-neem-mee#breadcrumb","itemListElement":[{"@type":"ListItem","position":1,"name":"Home","item":"https:\/\/www.mijnvergelijker.be\/"},{"@type":"ListItem","position":2,"name":"Ik ga op autoreis en ik neem mee\u2026"}]},{"@type":"WebSite","@id":"https:\/\/www.mijnvergelijker.be\/#website","url":"https:\/\/www.mijnvergelijker.be\/","name":"MIjnvergelijker.be","description":"","publisher":{"@id":"https:\/\/www.mijnvergelijker.be\/#organization"},"potentialAction":[{"@type":"SearchAction","target":{"@type":"EntryPoint","urlTemplate":"https:\/\/www.mijnvergelijker.be\/?s={search_term_string}"},"query-input":"required name=search_term_string"}],"inLanguage":"nl-BE"},{"@type":"Organization","@id":"https:\/\/www.mijnvergelijker.be\/#organization","name":"Mijnvergelijker.be","url":"https:\/\/www.mijnvergelijker.be\/","logo":{"@type":"ImageObject","inLanguage":"nl-BE","@id":"https:\/\/www.mijnvergelijker.be\/#\/schema\/logo\/image\/","url":"https:\/\/www.mijnvergelijker.be\/wordpress\/wp-content\/uploads\/2024\/09\/Algemeen_met-slogan_NL@.png","contentUrl":"https:\/\/www.mijnvergelijker.be\/wordpress\/wp-content\/uploads\/2024\/09\/Algemeen_met-slogan_NL@.png","width":2444,"height":418,"caption":"Mijnvergelijker.be"},"image":{"@id":"https:\/\/www.mijnvergelijker.be\/#\/schema\/logo\/image\/"},"sameAs":["https:\/\/www.facebook.com\/Mijnvergelijker\/"]},{"@type":"Person","@id":"https:\/\/www.mijnvergelijker.be\/#\/schema\/person\/4748d4871bb32b57622db0bfe37abf1b","name":"Hanna Deweirdt","image":{"@type":"ImageObject","inLanguage":"nl-BE","@id":"https:\/\/www.mijnvergelijker.be\/#\/schema\/person\/image\/","url":"https:\/\/secure.gravatar.com\/avatar\/2d69cdb3ff68969f1c06f5ee6133ce3d?s=96&d=mm&r=g","contentUrl":"https:\/\/secure.gravatar.com\/avatar\/2d69cdb3ff68969f1c06f5ee6133ce3d?s=96&d=mm&r=g","caption":"Hanna Deweirdt"}}]}},"_links":{"self":[{"href":"https:\/\/www.mijnvergelijker.be\/wordpress\/wp-json\/wp\/v2\/posts\/3496"}],"collection":[{"href":"https:\/\/www.mijnvergelijker.be\/wordpress\/wp-json\/wp\/v2\/posts"}],"about":[{"href":"https:\/\/www.mijnvergelijker.be\/wordpress\/wp-json\/wp\/v2\/types\/post"}],"author":[{"embeddable":true,"href":"https:\/\/www.mijnvergelijker.be\/wordpress\/wp-json\/wp\/v2\/users\/8"}],"replies":[{"embeddable":true,"href":"https:\/\/www.mijnvergelijker.be\/wordpress\/wp-json\/wp\/v2\/comments?post=3496"}],"version-history":[{"count":2,"href":"https:\/\/www.mijnvergelijker.be\/wordpress\/wp-json\/wp\/v2\/posts\/3496\/revisions"}],"predecessor-version":[{"id":13494,"href":"https:\/\/www.mijnvergelijker.be\/wordpress\/wp-json\/wp\/v2\/posts\/3496\/revisions\/13494"}],"wp:featuredmedia":[{"embeddable":true,"href":"https:\/\/www.mijnvergelijker.be\/wordpress\/wp-json\/wp\/v2\/media\/3497"}],"wp:attachment":[{"href":"https:\/\/www.mijnvergelijker.be\/wordpress\/wp-json\/wp\/v2\/media?parent=3496"}],"wp:term":[{"taxonomy":"category","embeddable":true,"href":"https:\/\/www.mijnvergelijker.be\/wordpress\/wp-json\/wp\/v2\/categories?post=3496"},{"taxonomy":"post_tag","embeddable":true,"href":"https:\/\/www.mijnvergelijker.be\/wordpress\/wp-json\/wp\/v2\/tags?post=3496"}],"curies":[{"name":"wp","href":"https:\/\/api.w.org\/{rel}","templated":true}]}}